{"id":3069,"date":"2026-04-22T08:17:14","date_gmt":"2026-04-22T06:17:14","guid":{"rendered":"https:\/\/ie.uek.krakow.pl\/kmak\/?p=3069"},"modified":"2026-04-23T14:34:04","modified_gmt":"2026-04-23T12:34:04","slug":"seminarium-naukowe-sempe-oczekiwania-inflacyjne-i-ich-uwarunkowania","status":"publish","type":"post","link":"https:\/\/ie.uek.krakow.pl\/kmak\/seminarium-naukowe-sempe-oczekiwania-inflacyjne-i-ich-uwarunkowania\/","title":{"rendered":"Seminarium naukowe SEMPE: oczekiwania inflacyjne i ich uwarunkowania"},"content":{"rendered":"\n<div class=\"wp-block-group is-nowrap is-layout-flex wp-container-core-group-is-layout-ad2f72ca wp-block-group-is-layout-flex\">\n<div class=\"wp-block-group\"><div class=\"wp-block-group__inner-container is-layout-constrained wp-block-group-is-layout-constrained\">\n<p>Zapraszamy do udzia\u0142u w kolejnym spotkaniu z cyklu <em>\u201eEkonomia mi\u0119dzynarodowa i polityka ekonomiczna (SEMPE)\u201d<\/em>, kt\u00f3re stanowi przestrze\u0144 do dyskusji nad najwa\u017cniejszymi wyzwaniami wsp\u00f3\u0142czesnej ekonomii.<\/p>\n\n\n\n<p>W trakcie seminarium referat pt. <strong>\u201eNiezale\u017cno\u015b\u0107 oczekiwa\u0144 inflacyjnych od cech osobowo\u015bci. Wnioski z eksperyment\u00f3w\u201d<\/strong> wyg\u0142osi<br><strong>prof. Magdalena Szyszko<\/strong> z Uniwersytetu WSB Merito w Poznaniu.<\/p>\n<\/div><\/div>\n<\/div>\n\n\n\n<p>Wydarzenie odbywa si\u0119 z inicjatywy <strong>prof. Marka D\u0105browskiego<\/strong>, kierownika Katedry Makroekonomii, oraz <strong>prof. Piotra Stanka<\/strong>, kierownika Katedry Mi\u0119dzynarodowych Stosunk\u00f3w Gospodarczych.<\/p>\n\n\n\n<p><strong>Termin i miejsce:<\/strong><br>\ud83d\udcc5 13 maja (\u015broda), godz. 16:45<br>\ud83d\udccd Muzeum UEK (pok\u00f3j 110), Budynek G\u0142\u00f3wny<\/p>\n\n\n\n<h3 class=\"wp-block-heading\">O prelegentce<\/h3>\n\n\n\n<p><strong>Prof. Magdalena Szyszko<\/strong> \u2013 doktorka habilitowana w dyscyplinie ekonomia i finanse, profesorka na Uniwersytecie WSB Merito w Poznaniu oraz dyrektorka O\u015brodka Bada\u0144 Interdyscyplinarnych. Jej zainteresowania naukowe koncentruj\u0105 si\u0119 na analizie oczekiwa\u0144 inflacyjnych, w szczeg\u00f3lno\u015bci w\u015br\u00f3d konsument\u00f3w.<\/p>\n\n\n\n<p>Autorka oko\u0142o 70 publikacji naukowych w renomowanych czasopismach mi\u0119dzynarodowych, takich jak <em>Energy Economics<\/em>, <em>Post-Soviet Affairs<\/em>, <em>Quality &amp; Quantity<\/em> czy <em>Eastern European Economics<\/em>. Kierowa\u0142a projektami badawczymi finansowanymi m.in. przez Narodowe Centrum Nauki, Narodowy Bank Polski oraz Fundacj\u0119 na rzecz Nauki Polskiej.<\/p>\n\n\n\n<p><strong>Organizatorzy:<\/strong><\/p>\n\n\n\n<ul class=\"wp-block-list\">\n<li>Katedra Makroekonomii<\/li>\n\n\n\n<li>Katedra Mi\u0119dzynarodowych Stosunk\u00f3w Gospodarczych<\/li>\n<\/ul>\n\n\n\n<figure class=\"wp-block-image size-large\"><img decoding=\"async\" width=\"724\" height=\"1024\" loading=\"lazy\" src=\"https:\/\/ie.uek.krakow.pl\/kmak\/wp-content\/uploads\/sites\/41\/2026\/04\/Seminarium-SEMPE_11_WWW-1-724x1024.jpg\" alt=\"Plakat przedstawiaj\u0105cy informacje o seminarium i zdj\u0119cie prelegentki.\" class=\"wp-image-3067\" srcset=\"https:\/\/ie.uek.krakow.pl\/kmak\/wp-content\/uploads\/sites\/41\/2026\/04\/Seminarium-SEMPE_11_WWW-1-724x1024.jpg 724w, https:\/\/ie.uek.krakow.pl\/kmak\/wp-content\/uploads\/sites\/41\/2026\/04\/Seminarium-SEMPE_11_WWW-1-424x600.jpg 424w, https:\/\/ie.uek.krakow.pl\/kmak\/wp-content\/uploads\/sites\/41\/2026\/04\/Seminarium-SEMPE_11_WWW-1-768x1086.jpg 768w, https:\/\/ie.uek.krakow.pl\/kmak\/wp-content\/uploads\/sites\/41\/2026\/04\/Seminarium-SEMPE_11_WWW-1-1086x1536.jpg 1086w, https:\/\/ie.uek.krakow.pl\/kmak\/wp-content\/uploads\/sites\/41\/2026\/04\/Seminarium-SEMPE_11_WWW-1-1448x2048.jpg 1448w, https:\/\/ie.uek.krakow.pl\/kmak\/wp-content\/uploads\/sites\/41\/2026\/04\/Seminarium-SEMPE_11_WWW-1-scaled.jpg 1810w\" sizes=\"auto, (max-width: 724px) 100vw, 724px\" \/><\/figure>\n","protected":false},"excerpt":{"rendered":"<p>Zapraszamy do udzia\u0142u w kolejnym spotkaniu z cyklu \u201eEkonomia mi\u0119dzynarodowa i polityka ekonomiczna (SEMPE)\u201d, kt\u00f3re stanowi przestrze\u0144 do dyskusji nad najwa\u017cniejszymi wyzwaniami wsp\u00f3\u0142czesnej ekonomii. W trakcie seminarium referat pt. \u201eNiezale\u017cno\u015b\u0107 oczekiwa\u0144 inflacyjnych od cech osobowo\u015bci. Wnioski z eksperyment\u00f3w\u201d wyg\u0142osiprof. Magdalena Szyszko z Uniwersytetu WSB Merito w Poznaniu. Wydarzenie odbywa si\u0119 z inicjatywy prof. Marka D\u0105browskiego, [&hellip;]<\/p>\n","protected":false},"author":33,"featured_media":3068,"comment_status":"closed","ping_status":"closed","sticky":false,"template":"","format":"standard","meta":{"_acf_changed":false,"footnotes":""},"categories":[1],"tags":[],"class_list":["post-3069","post","type-post","status-publish","format-standard","has-post-thumbnail","hentry","category-aktualnosci"],"acf":[],"_links":{"self":[{"href":"https:\/\/ie.uek.krakow.pl\/kmak\/wp-json\/wp\/v2\/posts\/3069","targetHints":{"allow":["GET"]}}],"collection":[{"href":"https:\/\/ie.uek.krakow.pl\/kmak\/wp-json\/wp\/v2\/posts"}],"about":[{"href":"https:\/\/ie.uek.krakow.pl\/kmak\/wp-json\/wp\/v2\/types\/post"}],"author":[{"embeddable":true,"href":"https:\/\/ie.uek.krakow.pl\/kmak\/wp-json\/wp\/v2\/users\/33"}],"replies":[{"embeddable":true,"href":"https:\/\/ie.uek.krakow.pl\/kmak\/wp-json\/wp\/v2\/comments?post=3069"}],"version-history":[{"count":10,"href":"https:\/\/ie.uek.krakow.pl\/kmak\/wp-json\/wp\/v2\/posts\/3069\/revisions"}],"predecessor-version":[{"id":3102,"href":"https:\/\/ie.uek.krakow.pl\/kmak\/wp-json\/wp\/v2\/posts\/3069\/revisions\/3102"}],"wp:featuredmedia":[{"embeddable":true,"href":"https:\/\/ie.uek.krakow.pl\/kmak\/wp-json\/wp\/v2\/media\/3068"}],"wp:attachment":[{"href":"https:\/\/ie.uek.krakow.pl\/kmak\/wp-json\/wp\/v2\/media?parent=3069"}],"wp:term":[{"taxonomy":"category","embeddable":true,"href":"https:\/\/ie.uek.krakow.pl\/kmak\/wp-json\/wp\/v2\/categories?post=3069"},{"taxonomy":"post_tag","embeddable":true,"href":"https:\/\/ie.uek.krakow.pl\/kmak\/wp-json\/wp\/v2\/tags?post=3069"}],"curies":[{"name":"wp","href":"https:\/\/api.w.org\/{rel}","templated":true}]}}