{"id":3077,"date":"2026-04-21T14:58:18","date_gmt":"2026-04-21T12:58:18","guid":{"rendered":"https:\/\/ie.uek.krakow.pl\/kes\/?p=3077"},"modified":"2026-04-21T15:01:29","modified_gmt":"2026-04-21T13:01:29","slug":"prof-ewa-slezak-belowska-czlonkinia-krajowego-komitetu-rozwoju-ekonomii-spolecznej-v-kadencji","status":"publish","type":"post","link":"https:\/\/ie.uek.krakow.pl\/kes\/prof-ewa-slezak-belowska-czlonkinia-krajowego-komitetu-rozwoju-ekonomii-spolecznej-v-kadencji\/","title":{"rendered":"Prof. Ewa \u015al\u0119zak-Belowska cz\u0142onkini\u0105 Krajowego Komitetu Rozwoju Ekonomii Spo\u0142ecznej V kadencji"},"content":{"rendered":"\n<p>Z przyjemno\u015bci\u0105 informujemy, \u017ce prof. Ewa \u015al\u0119zak-Belowska zosta\u0142a powo\u0142ana w sk\u0142ad Krajowego Komitetu Rozwoju Ekonomii Spo\u0142ecznej (KKRES) V kadencji na lata 2026\u20132029.<\/p>\n\n\n\n<p>Komitet zosta\u0142 powo\u0142any przez Pani\u0105 Ma\u0142gorzat\u0119 Baranowsk\u0105, Podsekretarz Stanu w Ministerstwie Rodziny, Pracy i Polityki Spo\u0142ecznej. W jego sk\u0142ad wesz\u0142o 65 os\u00f3b reprezentuj\u0105cych administracj\u0119 publiczn\u0105, jednostki samorz\u0105du terytorialnego, sektor ekonomii spo\u0142ecznej oraz inne uprawnione podmioty.<\/p>\n\n\n\n<p>Krajowy Komitet Rozwoju Ekonomii Spo\u0142ecznej pe\u0142ni funkcj\u0119 opiniodawczo-doradcz\u0105, przy ministrze w\u0142a\u015bciwym do spraw zabezpieczenia spo\u0142ecznego. Do jego kluczowych zada\u0144 nale\u017cy w szczeg\u00f3lno\u015bci:<\/p>\n\n\n\n<ul class=\"wp-block-list\">\n<li>opiniowanie kierunk\u00f3w rozwoju ekonomii spo\u0142ecznej w Polsce,<\/li>\n\n\n\n<li>monitorowanie realizacji polityk publicznych i program\u00f3w dotycz\u0105cych sektora ekonomii spo\u0142ecznej,<\/li>\n\n\n\n<li>inicjowanie dzia\u0142a\u0144 na rzecz rozwoju przedsi\u0119biorczo\u015bci spo\u0142ecznej,<\/li>\n\n\n\n<li>wspieranie wsp\u00f3\u0142pracy pomi\u0119dzy administracj\u0105 publiczn\u0105 a podmiotami ekonomii spo\u0142ecznej,<\/li>\n\n\n\n<li>rekomendowanie rozwi\u0105za\u0144 legislacyjnych i systemowych,<\/li>\n\n\n\n<li>upowszechnianie dobrych praktyk oraz wzmacnianie roli ekonomii spo\u0142ecznej w rozwoju spo\u0142eczno-gospodarczym kraju.<\/li>\n<\/ul>\n\n\n\n<p><\/p>\n\n\n\n<p>Powo\u0142anie prof. Ewy \u015al\u0119zak-Belowskiej do grona ekspert\u00f3w KKRES stanowi wyraz uznania dla jej dorobku naukowego oraz zaanga\u017cowania w rozw\u00f3j ekonomii spo\u0142ecznej.<\/p>\n\n\n\n<p>Sk\u0142ad nowego Komitetu dost\u0119pny jest na stronie Departamentu Ekonomii Spo\u0142ecznej:<br><a href=\"https:\/\/www.ekonomiaspoleczna.gov.pl\/co-robimy\/krajowy-komitet-rozwoju-ekonomii-spolecznej\/sklad-kkres\/\">https:\/\/www.ekonomiaspoleczna.gov.pl\/co-robimy\/krajowy-komitet-rozwoju-ekonomii-spolecznej\/sklad-kkres\/<\/a><\/p>\n\n\n\n<p>Gratulujemy i \u017cyczymy owocnej pracy na rzecz rozwoju ekonomii spo\u0142ecznej w Polsce.<\/p>\n","protected":false},"excerpt":{"rendered":"<p>Z przyjemno\u015bci\u0105 informujemy, \u017ce prof. Ewa \u015al\u0119zak-Belowska zosta\u0142a powo\u0142ana w sk\u0142ad Krajowego Komitetu Rozwoju Ekonomii Spo\u0142ecznej (KKRES) V kadencji na lata 2026\u20132029. Komitet zosta\u0142 powo\u0142any przez Pani\u0105 Ma\u0142gorzat\u0119 Baranowsk\u0105, Podsekretarz Stanu w Ministerstwie Rodziny, Pracy i Polityki Spo\u0142ecznej. W jego sk\u0142ad wesz\u0142o 65 os\u00f3b reprezentuj\u0105cych administracj\u0119 publiczn\u0105, jednostki samorz\u0105du terytorialnego, sektor ekonomii spo\u0142ecznej oraz inne [&hellip;]<\/p>\n","protected":false},"author":34,"featured_media":0,"comment_status":"closed","ping_status":"closed","sticky":false,"template":"","format":"standard","meta":{"_acf_changed":false,"footnotes":""},"categories":[1],"tags":[],"class_list":["post-3077","post","type-post","status-publish","format-standard","hentry","category-aktualnosci"],"acf":[],"_links":{"self":[{"href":"https:\/\/ie.uek.krakow.pl\/kes\/wp-json\/wp\/v2\/posts\/3077","targetHints":{"allow":["GET"]}}],"collection":[{"href":"https:\/\/ie.uek.krakow.pl\/kes\/wp-json\/wp\/v2\/posts"}],"about":[{"href":"https:\/\/ie.uek.krakow.pl\/kes\/wp-json\/wp\/v2\/types\/post"}],"author":[{"embeddable":true,"href":"https:\/\/ie.uek.krakow.pl\/kes\/wp-json\/wp\/v2\/users\/34"}],"replies":[{"embeddable":true,"href":"https:\/\/ie.uek.krakow.pl\/kes\/wp-json\/wp\/v2\/comments?post=3077"}],"version-history":[{"count":3,"href":"https:\/\/ie.uek.krakow.pl\/kes\/wp-json\/wp\/v2\/posts\/3077\/revisions"}],"predecessor-version":[{"id":3080,"href":"https:\/\/ie.uek.krakow.pl\/kes\/wp-json\/wp\/v2\/posts\/3077\/revisions\/3080"}],"wp:attachment":[{"href":"https:\/\/ie.uek.krakow.pl\/kes\/wp-json\/wp\/v2\/media?parent=3077"}],"wp:term":[{"taxonomy":"category","embeddable":true,"href":"https:\/\/ie.uek.krakow.pl\/kes\/wp-json\/wp\/v2\/categories?post=3077"},{"taxonomy":"post_tag","embeddable":true,"href":"https:\/\/ie.uek.krakow.pl\/kes\/wp-json\/wp\/v2\/tags?post=3077"}],"curies":[{"name":"wp","href":"https:\/\/api.w.org\/{rel}","templated":true}]}}