{"id":3046,"date":"2026-03-31T08:44:00","date_gmt":"2026-03-31T06:44:00","guid":{"rendered":"https:\/\/institutes.uek.krakow.pl\/kes\/?p=3046"},"modified":"2026-04-14T10:47:36","modified_gmt":"2026-04-14T08:47:36","slug":"dni-otwarte-uek-2026","status":"publish","type":"post","link":"https:\/\/ie.uek.krakow.pl\/kes\/dni-otwarte-uek-2026\/","title":{"rendered":"Dni Otwarte UEK 2026"},"content":{"rendered":"\n<p>W dniach 25 i 26 marca br. przedstawiciele naszej Katedry uczestniczyli w Dniach Otwartych UEK 2026 aktywnie promuj\u0105c kierunek ekonomia i specjalno\u015b\u0107 ekonomia bezpiecze\u0144stwa. Podczas dedykowanego miniwyk\u0142adu pt.&nbsp;<em>Dlaczego warto studiowa\u0107 Ekonomi\u0119?<\/em>&nbsp;oraz przy specjalnie przygotowanym stoisku kandydaci na studia mogli spotka\u0107 si\u0119 i porozmawia\u0107 z naszymi wyk\u0142adowcami \u2013 w pierwszym dniu wydarzenia z dr. Micha\u0142em Michorowskim, dr. Arturem Pollokiem oraz dr hab. Ew\u0105 \u015al\u0119zak-Belowsk\u0105, prof. UEK (Kierownik Katedry), w drugim dniu z dr hab. Dominik\u0105 Choro\u015b-Mrozowsk\u0105, prof. UEK oraz dr Agnieszk\u0105 Kurzemsk\u0105. By\u0142a to doskona\u0142a okazja na zapoznanie si\u0119 zar\u00f3wno z programem specjalno\u015bci i tematyk\u0105 prowadzonych zaj\u0119\u0107, jak i profilem absolwenta oraz mo\u017cliwymi \u015bcie\u017ckami kariery.<\/p>\n\n\n\n<p>Trzymamy kciuki za wyniki matur i serdecznie zapraszamy wszystkich maturzyst\u00f3w oraz osoby zainteresowane ekonomi\u0105 do studiowania i wsp\u00f3\u0142tworzenia specjalno\u015bci ekonomia bezpiecze\u0144stwa!<\/p>\n\n\n\n<p><\/p>\n","protected":false},"excerpt":{"rendered":"<p>W dniach 25 i 26 marca br. przedstawiciele naszej Katedry uczestniczyli w Dniach Otwartych UEK 2026 aktywnie promuj\u0105c kierunek ekonomia i specjalno\u015b\u0107 ekonomia bezpiecze\u0144stwa. Podczas dedykowanego miniwyk\u0142adu pt.&nbsp;Dlaczego warto studiowa\u0107 Ekonomi\u0119?&nbsp;oraz przy specjalnie przygotowanym stoisku kandydaci na studia mogli spotka\u0107 si\u0119 i porozmawia\u0107 z naszymi wyk\u0142adowcami \u2013 w pierwszym dniu wydarzenia z dr. Micha\u0142em Michorowskim, [&hellip;]<\/p>\n","protected":false},"author":1,"featured_media":3051,"comment_status":"closed","ping_status":"closed","sticky":false,"template":"","format":"standard","meta":{"_acf_changed":false,"footnotes":""},"categories":[1],"tags":[],"class_list":["post-3046","post","type-post","status-publish","format-standard","has-post-thumbnail","hentry","category-aktualnosci"],"acf":[],"_links":{"self":[{"href":"https:\/\/ie.uek.krakow.pl\/kes\/wp-json\/wp\/v2\/posts\/3046","targetHints":{"allow":["GET"]}}],"collection":[{"href":"https:\/\/ie.uek.krakow.pl\/kes\/wp-json\/wp\/v2\/posts"}],"about":[{"href":"https:\/\/ie.uek.krakow.pl\/kes\/wp-json\/wp\/v2\/types\/post"}],"author":[{"embeddable":true,"href":"https:\/\/ie.uek.krakow.pl\/kes\/wp-json\/wp\/v2\/users\/1"}],"replies":[{"embeddable":true,"href":"https:\/\/ie.uek.krakow.pl\/kes\/wp-json\/wp\/v2\/comments?post=3046"}],"version-history":[{"count":6,"href":"https:\/\/ie.uek.krakow.pl\/kes\/wp-json\/wp\/v2\/posts\/3046\/revisions"}],"predecessor-version":[{"id":3057,"href":"https:\/\/ie.uek.krakow.pl\/kes\/wp-json\/wp\/v2\/posts\/3046\/revisions\/3057"}],"wp:featuredmedia":[{"embeddable":true,"href":"https:\/\/ie.uek.krakow.pl\/kes\/wp-json\/wp\/v2\/media\/3051"}],"wp:attachment":[{"href":"https:\/\/ie.uek.krakow.pl\/kes\/wp-json\/wp\/v2\/media?parent=3046"}],"wp:term":[{"taxonomy":"category","embeddable":true,"href":"https:\/\/ie.uek.krakow.pl\/kes\/wp-json\/wp\/v2\/categories?post=3046"},{"taxonomy":"post_tag","embeddable":true,"href":"https:\/\/ie.uek.krakow.pl\/kes\/wp-json\/wp\/v2\/tags?post=3046"}],"curies":[{"name":"wp","href":"https:\/\/api.w.org\/{rel}","templated":true}]}}